{"id":211,"date":"2021-05-13T11:06:07","date_gmt":"2021-05-13T14:06:07","guid":{"rendered":"https:\/\/boraserfeliz.guararema.sp.gov.br\/?p=211"},"modified":"2023-02-14T13:30:39","modified_gmt":"2023-02-14T16:30:39","slug":"preguicoso","status":"publish","type":"post","link":"https:\/\/boraserfeliz.guararema.sp.gov.br\/index.php\/2021\/05\/13\/preguicoso\/","title":{"rendered":"Pregui\u00e7oso"},"content":{"rendered":"\n<p>Ol\u00e1, pessoal! Meu nome j\u00e1 diz o que sou, mas al\u00e9m disso, sou muito mansinho, amigo e t\u00edmido, mas um carinho me conquista&nbsp; na hora!<\/p>\n\n\n\n<figure class=\"wp-block-gallery has-nested-images columns-default is-cropped wp-block-gallery-1 is-layout-flex wp-block-gallery-is-layout-flex\">\n<figure class=\"wp-block-image size-large\"><a href=\"https:\/\/boraserfeliz.guararema.sp.gov.br\/wp-content\/uploads\/2023\/02\/Preguicoso-1.jpg\"><img loading=\"lazy\" decoding=\"async\" width=\"1024\" height=\"1024\" data-id=\"1156\" src=\"https:\/\/boraserfeliz.guararema.sp.gov.br\/wp-content\/uploads\/2023\/02\/Preguicoso-1-1024x1024.jpg\" alt=\"\" class=\"wp-image-1156\" srcset=\"https:\/\/boraserfeliz.guararema.sp.gov.br\/wp-content\/uploads\/2023\/02\/Preguicoso-1-1024x1024.jpg 1024w, https:\/\/boraserfeliz.guararema.sp.gov.br\/wp-content\/uploads\/2023\/02\/Preguicoso-1-300x300.jpg 300w, https:\/\/boraserfeliz.guararema.sp.gov.br\/wp-content\/uploads\/2023\/02\/Preguicoso-1-150x150.jpg 150w, https:\/\/boraserfeliz.guararema.sp.gov.br\/wp-content\/uploads\/2023\/02\/Preguicoso-1-768x768.jpg 768w, https:\/\/boraserfeliz.guararema.sp.gov.br\/wp-content\/uploads\/2023\/02\/Preguicoso-1-1536x1536.jpg 1536w, https:\/\/boraserfeliz.guararema.sp.gov.br\/wp-content\/uploads\/2023\/02\/Preguicoso-1-2048x2048.jpg 2048w\" sizes=\"auto, (max-width: 1024px) 100vw, 1024px\" \/><\/a><\/figure>\n\n\n\n<figure class=\"wp-block-image size-large\"><a href=\"https:\/\/boraserfeliz.guararema.sp.gov.br\/wp-content\/uploads\/2023\/02\/Preguicoso-2-scaled.jpg\"><img loading=\"lazy\" decoding=\"async\" width=\"1024\" height=\"1024\" data-id=\"1157\" src=\"https:\/\/boraserfeliz.guararema.sp.gov.br\/wp-content\/uploads\/2023\/02\/Preguicoso-2-1024x1024.jpg\" alt=\"\" class=\"wp-image-1157\" srcset=\"https:\/\/boraserfeliz.guararema.sp.gov.br\/wp-content\/uploads\/2023\/02\/Preguicoso-2-1024x1024.jpg 1024w, https:\/\/boraserfeliz.guararema.sp.gov.br\/wp-content\/uploads\/2023\/02\/Preguicoso-2-300x300.jpg 300w, https:\/\/boraserfeliz.guararema.sp.gov.br\/wp-content\/uploads\/2023\/02\/Preguicoso-2-150x150.jpg 150w, https:\/\/boraserfeliz.guararema.sp.gov.br\/wp-content\/uploads\/2023\/02\/Preguicoso-2-768x768.jpg 768w, https:\/\/boraserfeliz.guararema.sp.gov.br\/wp-content\/uploads\/2023\/02\/Preguicoso-2-1536x1536.jpg 1536w, https:\/\/boraserfeliz.guararema.sp.gov.br\/wp-content\/uploads\/2023\/02\/Preguicoso-2-2048x2048.jpg 2048w\" sizes=\"auto, (max-width: 1024px) 100vw, 1024px\" \/><\/a><\/figure>\n\n\n\n<figure class=\"wp-block-image size-large\"><a href=\"https:\/\/boraserfeliz.guararema.sp.gov.br\/wp-content\/uploads\/2023\/02\/Preguicoso-3-scaled.jpg\"><img loading=\"lazy\" decoding=\"async\" width=\"1024\" height=\"1024\" data-id=\"1158\" src=\"https:\/\/boraserfeliz.guararema.sp.gov.br\/wp-content\/uploads\/2023\/02\/Preguicoso-3-1024x1024.jpg\" alt=\"\" class=\"wp-image-1158\" srcset=\"https:\/\/boraserfeliz.guararema.sp.gov.br\/wp-content\/uploads\/2023\/02\/Preguicoso-3-1024x1024.jpg 1024w, https:\/\/boraserfeliz.guararema.sp.gov.br\/wp-content\/uploads\/2023\/02\/Preguicoso-3-300x300.jpg 300w, https:\/\/boraserfeliz.guararema.sp.gov.br\/wp-content\/uploads\/2023\/02\/Preguicoso-3-150x150.jpg 150w, https:\/\/boraserfeliz.guararema.sp.gov.br\/wp-content\/uploads\/2023\/02\/Preguicoso-3-768x768.jpg 768w, https:\/\/boraserfeliz.guararema.sp.gov.br\/wp-content\/uploads\/2023\/02\/Preguicoso-3-1536x1536.jpg 1536w, https:\/\/boraserfeliz.guararema.sp.gov.br\/wp-content\/uploads\/2023\/02\/Preguicoso-3-2048x2048.jpg 2048w\" sizes=\"auto, (max-width: 1024px) 100vw, 1024px\" \/><\/a><\/figure>\n<\/figure>\n\n\n\n<figure class=\"wp-block-gallery has-nested-images columns-default is-cropped wp-block-gallery-2 is-layout-flex wp-block-gallery-is-layout-flex\">\n<figure class=\"wp-block-image size-large\"><a href=\"https:\/\/boraserfeliz.guararema.sp.gov.br\/wp-content\/uploads\/2021\/05\/IMG_9025-1-scaled.jpg\"><img loading=\"lazy\" decoding=\"async\" width=\"1024\" height=\"683\" data-id=\"212\" src=\"https:\/\/boraserfeliz.guararema.sp.gov.br\/wp-content\/uploads\/2021\/05\/IMG_9025-1-1024x683.jpg\" alt=\"\" class=\"wp-image-212\" srcset=\"https:\/\/boraserfeliz.guararema.sp.gov.br\/wp-content\/uploads\/2021\/05\/IMG_9025-1-1024x683.jpg 1024w, https:\/\/boraserfeliz.guararema.sp.gov.br\/wp-content\/uploads\/2021\/05\/IMG_9025-1-300x200.jpg 300w, https:\/\/boraserfeliz.guararema.sp.gov.br\/wp-content\/uploads\/2021\/05\/IMG_9025-1-768x512.jpg 768w, https:\/\/boraserfeliz.guararema.sp.gov.br\/wp-content\/uploads\/2021\/05\/IMG_9025-1-1536x1024.jpg 1536w, https:\/\/boraserfeliz.guararema.sp.gov.br\/wp-content\/uploads\/2021\/05\/IMG_9025-1-2048x1365.jpg 2048w\" sizes=\"auto, (max-width: 1024px) 100vw, 1024px\" \/><\/a><\/figure>\n\n\n\n<figure class=\"wp-block-image size-large\"><a href=\"https:\/\/boraserfeliz.guararema.sp.gov.br\/wp-content\/uploads\/2022\/03\/PREGUICOSO-scaled.jpg\"><img loading=\"lazy\" decoding=\"async\" width=\"1024\" height=\"1024\" data-id=\"983\" src=\"https:\/\/boraserfeliz.guararema.sp.gov.br\/wp-content\/uploads\/2022\/03\/PREGUICOSO-1024x1024.jpg\" alt=\"\" class=\"wp-image-983\" srcset=\"https:\/\/boraserfeliz.guararema.sp.gov.br\/wp-content\/uploads\/2022\/03\/PREGUICOSO-1024x1024.jpg 1024w, https:\/\/boraserfeliz.guararema.sp.gov.br\/wp-content\/uploads\/2022\/03\/PREGUICOSO-300x300.jpg 300w, https:\/\/boraserfeliz.guararema.sp.gov.br\/wp-content\/uploads\/2022\/03\/PREGUICOSO-150x150.jpg 150w, https:\/\/boraserfeliz.guararema.sp.gov.br\/wp-content\/uploads\/2022\/03\/PREGUICOSO-768x768.jpg 768w, https:\/\/boraserfeliz.guararema.sp.gov.br\/wp-content\/uploads\/2022\/03\/PREGUICOSO-1536x1536.jpg 1536w, https:\/\/boraserfeliz.guararema.sp.gov.br\/wp-content\/uploads\/2022\/03\/PREGUICOSO-2048x2048.jpg 2048w\" sizes=\"auto, (max-width: 1024px) 100vw, 1024px\" \/><\/a><\/figure>\n<\/figure>\n\n\n\n<div class=\"wp-block-buttons is-layout-flex wp-block-buttons-is-layout-flex\">\n<div class=\"wp-block-button has-custom-width wp-block-button__width-100 is-style-fill\"><a class=\"wp-block-button__link has-background\" href=\"https:\/\/boraserfeliz.guararema.sp.gov.br\/index.php\/como-adotar\/\" style=\"background-color:#ea4b66\"><strong>Eu quero adotar!<\/strong><\/a><\/div>\n<\/div>\n\n\n\n<p><\/p>\n","protected":false},"excerpt":{"rendered":"<p>Ol\u00e1, pessoal! Meu nome j\u00e1 diz o que sou, mas al\u00e9m disso, sou muito mansinho, amigo e t\u00edmido, mas um carinho me conquista&nbsp; na hora!<\/p>\n","protected":false},"author":2,"featured_media":1157,"comment_status":"open","ping_status":"open","sticky":false,"template":"","format":"standard","meta":{"footnotes":""},"categories":[1],"tags":[],"class_list":["post-211","post","type-post","status-publish","format-standard","has-post-thumbnail","hentry","category-sem-categoria","entry","has-media"],"_links":{"self":[{"href":"https:\/\/boraserfeliz.guararema.sp.gov.br\/index.php\/wp-json\/wp\/v2\/posts\/211","targetHints":{"allow":["GET"]}}],"collection":[{"href":"https:\/\/boraserfeliz.guararema.sp.gov.br\/index.php\/wp-json\/wp\/v2\/posts"}],"about":[{"href":"https:\/\/boraserfeliz.guararema.sp.gov.br\/index.php\/wp-json\/wp\/v2\/types\/post"}],"author":[{"embeddable":true,"href":"https:\/\/boraserfeliz.guararema.sp.gov.br\/index.php\/wp-json\/wp\/v2\/users\/2"}],"replies":[{"embeddable":true,"href":"https:\/\/boraserfeliz.guararema.sp.gov.br\/index.php\/wp-json\/wp\/v2\/comments?post=211"}],"version-history":[{"count":6,"href":"https:\/\/boraserfeliz.guararema.sp.gov.br\/index.php\/wp-json\/wp\/v2\/posts\/211\/revisions"}],"predecessor-version":[{"id":1192,"href":"https:\/\/boraserfeliz.guararema.sp.gov.br\/index.php\/wp-json\/wp\/v2\/posts\/211\/revisions\/1192"}],"wp:featuredmedia":[{"embeddable":true,"href":"https:\/\/boraserfeliz.guararema.sp.gov.br\/index.php\/wp-json\/wp\/v2\/media\/1157"}],"wp:attachment":[{"href":"https:\/\/boraserfeliz.guararema.sp.gov.br\/index.php\/wp-json\/wp\/v2\/media?parent=211"}],"wp:term":[{"taxonomy":"category","embeddable":true,"href":"https:\/\/boraserfeliz.guararema.sp.gov.br\/index.php\/wp-json\/wp\/v2\/categories?post=211"},{"taxonomy":"post_tag","embeddable":true,"href":"https:\/\/boraserfeliz.guararema.sp.gov.br\/index.php\/wp-json\/wp\/v2\/tags?post=211"}],"curies":[{"name":"wp","href":"https:\/\/api.w.org\/{rel}","templated":true}]}}